{"id":7867,"date":"2018-10-22T19:01:52","date_gmt":"2018-10-22T22:01:52","guid":{"rendered":"https:\/\/www.masfm.com\/emisora\/?p=7867"},"modified":"2018-10-22T19:01:52","modified_gmt":"2018-10-22T22:01:52","slug":"hay-vida","status":"publish","type":"post","link":"https:\/\/masfm.com\/emisora\/hay-vida\/","title":{"rendered":"Hay vida."},"content":{"rendered":"<p>Reconocido como el artista italiano m\u00e1s famoso a nivel mundial, Eros Ramazzotti estren\u00f3 el nuevo sencillo y video &#8220;Hay Vida&#8221;. La producci\u00f3n tiene como prop\u00f3sito llevar un mensaje positivo a la audiencia a trav\u00e9s de sus melod\u00edas.<\/p>\n<p><iframe loading=\"lazy\" src=\"https:\/\/www.youtube.com\/embed\/pRUlzsPzXb0?ecver=1\" width=\"729\" height=\"410\" frameborder=\"0\" allowfullscreen=\"allowfullscreen\"><\/iframe><\/p>\n<p>Bajo la direcci\u00f3n de Marc Klasfeld (Jay-Z, Justin Timberlake, Katy Perry), en el clip se puede observar la historia de amor de dos amantes (interpretados por Michael Heverly y Michaela Downes) que viven la vida y aman hasta los l\u00edmites de lo posible, compartiendo un sentimiento que los llevar\u00e1 a ser c\u00f3mplices en todo.<\/p>\n<p>El nuevo \u00e1lbum hom\u00f3nimo al primer sincillo, saldr\u00e1 el 23 de noviembre y est\u00e1 compuesto por 14 temas al puro estilo de Eros Ramazzotti e incluye tambi\u00e9n importantes colaboraciones internacionales con Luis Fonsi y Alessia Cara.<\/p>\n<p><img loading=\"lazy\" decoding=\"async\" class=\"alignnone size-full wp-image-7874\" src=\"https:\/\/www.masfm.com\/emisora\/wp-content\/uploads\/2018\/10\/noticias-eros-ramazzotti-2-1.jpg\" alt=\"\" width=\"690\" height=\"330\" title=\"\" srcset=\"https:\/\/masfm.com\/emisora\/wp-content\/uploads\/2018\/10\/noticias-eros-ramazzotti-2-1.jpg 690w, https:\/\/masfm.com\/emisora\/wp-content\/uploads\/2018\/10\/noticias-eros-ramazzotti-2-1-345x165.jpg 345w, https:\/\/masfm.com\/emisora\/wp-content\/uploads\/2018\/10\/noticias-eros-ramazzotti-2-1-600x287.jpg 600w, https:\/\/masfm.com\/emisora\/wp-content\/uploads\/2018\/10\/noticias-eros-ramazzotti-2-1-560x268.jpg 560w\" sizes=\"auto, (max-width: 690px) 100vw, 690px\" \/><\/p>\n","protected":false},"excerpt":{"rendered":"<p>Reconocido como el artista italiano m\u00e1s famoso a nivel mundial, Eros Ramazzotti estren\u00f3 el nuevo sencillo y video &#8220;Hay Vida&#8221;. La producci\u00f3n tiene como prop\u00f3sito llevar un mensaje positivo a la audiencia a trav\u00e9s de sus melod\u00edas. Bajo la direcci\u00f3n de Marc Klasfeld (Jay-Z, Justin Timberlake, Katy Perry), en el clip se puede observar la&hellip;<\/p>\n","protected":false},"author":4,"featured_media":7875,"comment_status":"closed","ping_status":"open","sticky":false,"template":"","format":"video","meta":{"footnotes":""},"categories":[2],"tags":[48,47,46,13,14,23],"class_list":["post-7867","post","type-post","status-publish","format-video","has-post-thumbnail","hentry","category-noticias","tag-esporaca","tag-laradioqueseve","tag-masfm959","tag-musica","tag-noticias","tag-video","post_format-post-format-video"],"amp_enabled":true,"_links":{"self":[{"href":"https:\/\/masfm.com\/emisora\/wp-json\/wp\/v2\/posts\/7867","targetHints":{"allow":["GET"]}}],"collection":[{"href":"https:\/\/masfm.com\/emisora\/wp-json\/wp\/v2\/posts"}],"about":[{"href":"https:\/\/masfm.com\/emisora\/wp-json\/wp\/v2\/types\/post"}],"author":[{"embeddable":true,"href":"https:\/\/masfm.com\/emisora\/wp-json\/wp\/v2\/users\/4"}],"replies":[{"embeddable":true,"href":"https:\/\/masfm.com\/emisora\/wp-json\/wp\/v2\/comments?post=7867"}],"version-history":[{"count":0,"href":"https:\/\/masfm.com\/emisora\/wp-json\/wp\/v2\/posts\/7867\/revisions"}],"wp:featuredmedia":[{"embeddable":true,"href":"https:\/\/masfm.com\/emisora\/wp-json\/wp\/v2\/media\/7875"}],"wp:attachment":[{"href":"https:\/\/masfm.com\/emisora\/wp-json\/wp\/v2\/media?parent=7867"}],"wp:term":[{"taxonomy":"category","embeddable":true,"href":"https:\/\/masfm.com\/emisora\/wp-json\/wp\/v2\/categories?post=7867"},{"taxonomy":"post_tag","embeddable":true,"href":"https:\/\/masfm.com\/emisora\/wp-json\/wp\/v2\/tags?post=7867"}],"curies":[{"name":"wp","href":"https:\/\/api.w.org\/{rel}","templated":true}]}}