{"id":8708,"date":"2019-01-18T20:43:41","date_gmt":"2019-01-18T23:43:41","guid":{"rendered":"https:\/\/www.masfm.com\/emisora\/?p=8708"},"modified":"2019-01-18T20:43:41","modified_gmt":"2019-01-18T23:43:41","slug":"estreno-decadente","status":"publish","type":"post","link":"https:\/\/masfm.com\/emisora\/estreno-decadente\/","title":{"rendered":"Estreno &#8220;Decadente&#8221;."},"content":{"rendered":"<p>Los Aut\u00e9nticos Decadentes inauguran oficialmente 2019 presentando el segundo sencillo y videoclip de su aclamado \u00e1lbum MTV Unplugged \u201cFiesta Nacional\u201d. Se trata de \u201cLoco (tu forma de ser)\u201d con la participaci\u00f3n especial de Rub\u00e9n Albarr\u00e1n (Caf\u00e9 Tacvba). Esta canci\u00f3n, compuesta por el maestro Jorge \u201cPerro Viejo\u201d Serrano, es una de las m\u00e1s celebradas del universo musical decadente y se convierte en un pilar imprescindible en el contexto del disco unplugged, material audiovisual que recorre gran parte del repertorio del grupo en nuevas versiones ac\u00fasticas de la mano de MTV.<\/p>\n<p><iframe loading=\"lazy\" src=\"https:\/\/www.youtube.com\/embed\/AFwpWzOpfjQ\" width=\"560\" height=\"315\" frameborder=\"0\" allowfullscreen=\"allowfullscreen\"><\/iframe><\/p>\n<p>Este sencillo sucede en difusi\u00f3n a \u201cAmor ft. Mon Laferte\u201d, que lider\u00f3 los charts de Argentina durante m\u00e1s de 12 semanas consecutivas, adem\u00e1s de convertirse en un boom en varios pa\u00edses de Am\u00e9rica Latina. El videoclip lleva m\u00e1s de 42 millones de vistas en YouTube, mientras que la canci\u00f3n supera las 17 millones de escuchas en Spotify.<\/p>\n<p>De la mano de \u201cLoco (tu forma de ser)\u201d la banda iniciar\u00e1 una extensa gira internacional que llevar\u00e1 al vivo toda la magia del unplugged por las ciudades m\u00e1s importantes de Am\u00e9rica Latina. El recorrido comenzar\u00e1 en C\u00f3rdoba los d\u00edas 9 y 10 de Febrero con dos presentaciones. Luego se trasladar\u00e1 a la ciudad de Santiago de Chile, donde los espera una gran presentaci\u00f3n en el Arena Monticello el 23 de Febrero. Desde all\u00ed, el grupo volar\u00e1 a M\u00e9xico para brindar un total de 10 conciertos a lo largo de cinco presentaciones en el Auditorio Nacional de Ciudad de M\u00e9xico, dos en el Pabell\u00f3n M de Monterrey y luego otros tres en el Teatro Diana de Guadalajara. En Abril, el show ac\u00fastico llegar\u00e1 al Teatro Gran Rex de Buenos Aires. Muy pronto se anunciar\u00e1n las fechas de gira en Colombia y Per\u00fa.<\/p>\n<p><iframe loading=\"lazy\" src=\"https:\/\/www.youtube.com\/embed\/Pvope7xOzHg\" width=\"560\" height=\"315\" frameborder=\"0\" allowfullscreen=\"allowfullscreen\"><\/iframe><\/p>\n<p>Los Aut\u00e9nticos Decadentes: MTV Unplugged \u201cFiesta Nacional\u201d es una celebraci\u00f3n audiovisual sin precedentes que pone de manifiesto la inmensa riqueza musical de una de las bandas m\u00e1s grandes del rock en espa\u00f1ol. Divertidos, irreverentes, sabios e infalibles Los Decas se animan al tango, al folclore, al carnavalito andino, el vallenato colombiano, a la cumbia, al cuarteto, a la balada, al corrido mexicano y por supuesto al rock entregando una experiencia completa e inolvidable. El material fue producido por la propia banda junto a Gustavo Borner, Mart\u00edn \u201cMoska\u201d Lorenzo y Mariano Franceschelli y se encuentra disponible en formatos CD+DVD en edici\u00f3n digipack de lujo, Doble Vinilo y Digital. La lista de artistas invitados se completa con la estrella del cuarteto Ulises Bueno, el gran folclorista argentino Chaque\u00f1o Palavecino y el talentoso int\u00e9rprete, compositor y multi-instrumentista chileno Gepe; adem\u00e1s de La Bomba de Tiempo y Afrosound Choir en varios pasajes del show.<\/p>\n<p><img loading=\"lazy\" decoding=\"async\" class=\"alignnone size-full wp-image-8710\" src=\"https:\/\/www.masfm.com\/emisora\/wp-content\/uploads\/2019\/01\/noticias-autenticos-decadentes-12.jpg\" alt=\"\" width=\"690\" height=\"330\" title=\"\" srcset=\"https:\/\/masfm.com\/emisora\/wp-content\/uploads\/2019\/01\/noticias-autenticos-decadentes-12.jpg 690w, https:\/\/masfm.com\/emisora\/wp-content\/uploads\/2019\/01\/noticias-autenticos-decadentes-12-345x165.jpg 345w, https:\/\/masfm.com\/emisora\/wp-content\/uploads\/2019\/01\/noticias-autenticos-decadentes-12-600x287.jpg 600w, https:\/\/masfm.com\/emisora\/wp-content\/uploads\/2019\/01\/noticias-autenticos-decadentes-12-560x268.jpg 560w\" sizes=\"auto, (max-width: 690px) 100vw, 690px\" \/><\/p>\n","protected":false},"excerpt":{"rendered":"<p>Los Aut\u00e9nticos Decadentes inauguran oficialmente 2019 presentando el segundo sencillo y videoclip de su aclamado \u00e1lbum MTV Unplugged \u201cFiesta Nacional\u201d. Se trata de \u201cLoco (tu forma de ser)\u201d con la participaci\u00f3n especial de Rub\u00e9n Albarr\u00e1n (Caf\u00e9 Tacvba). Esta canci\u00f3n, compuesta por el maestro Jorge \u201cPerro Viejo\u201d Serrano, es una de las m\u00e1s celebradas del universo&hellip;<\/p>\n","protected":false},"author":4,"featured_media":8709,"comment_status":"closed","ping_status":"open","sticky":false,"template":"","format":"video","meta":{"footnotes":""},"categories":[2],"tags":[48,47,46,13,14,51,23],"class_list":["post-8708","post","type-post","status-publish","format-video","has-post-thumbnail","hentry","category-noticias","tag-esporaca","tag-laradioqueseve","tag-masfm959","tag-musica","tag-noticias","tag-nuevo","tag-video","post_format-post-format-video"],"amp_enabled":true,"_links":{"self":[{"href":"https:\/\/masfm.com\/emisora\/wp-json\/wp\/v2\/posts\/8708","targetHints":{"allow":["GET"]}}],"collection":[{"href":"https:\/\/masfm.com\/emisora\/wp-json\/wp\/v2\/posts"}],"about":[{"href":"https:\/\/masfm.com\/emisora\/wp-json\/wp\/v2\/types\/post"}],"author":[{"embeddable":true,"href":"https:\/\/masfm.com\/emisora\/wp-json\/wp\/v2\/users\/4"}],"replies":[{"embeddable":true,"href":"https:\/\/masfm.com\/emisora\/wp-json\/wp\/v2\/comments?post=8708"}],"version-history":[{"count":0,"href":"https:\/\/masfm.com\/emisora\/wp-json\/wp\/v2\/posts\/8708\/revisions"}],"wp:featuredmedia":[{"embeddable":true,"href":"https:\/\/masfm.com\/emisora\/wp-json\/wp\/v2\/media\/8709"}],"wp:attachment":[{"href":"https:\/\/masfm.com\/emisora\/wp-json\/wp\/v2\/media?parent=8708"}],"wp:term":[{"taxonomy":"category","embeddable":true,"href":"https:\/\/masfm.com\/emisora\/wp-json\/wp\/v2\/categories?post=8708"},{"taxonomy":"post_tag","embeddable":true,"href":"https:\/\/masfm.com\/emisora\/wp-json\/wp\/v2\/tags?post=8708"}],"curies":[{"name":"wp","href":"https:\/\/api.w.org\/{rel}","templated":true}]}}