{"id":9449,"date":"2019-04-08T19:20:24","date_gmt":"2019-04-08T22:20:24","guid":{"rendered":"https:\/\/www.masfm.com\/emisora\/?p=9449"},"modified":"2019-04-08T19:20:24","modified_gmt":"2019-04-08T22:20:24","slug":"punto-g","status":"publish","type":"post","link":"https:\/\/masfm.com\/emisora\/punto-g\/","title":{"rendered":"Punto G."},"content":{"rendered":"<p>Karol G, la artista femenina latina n\u00famero 1 en el ranking mundial lanza su nuevo sencillo y video \u201cPunto G\u201d.<\/p>\n<p><iframe loading=\"lazy\" src=\"https:\/\/www.youtube.com\/embed\/sgBZVLr91ug\" width=\"727\" height=\"409\" frameborder=\"0\" allowfullscreen=\"allowfullscreen\"><\/iframe><\/p>\n<p>La canci\u00f3n fue producida por Andy Clay y Rayito y co-escrita por ella. El video, lleno de dinamismo, colores y excelente fotograf\u00eda, muestra una Karol G llena de sensualidad en distintos ambientes fue producido por Filmheads fue filmado en Miami, FL.<\/p>\n<p>Adem\u00e1s anuncia el lanzamiento de su tan esperado \u00e1lbum \u201cOcean\u201d el cual saldr\u00e1 el pr\u00f3ximo mes de mayo.<\/p>\n<p>\u201cPunto G\u201d tambi\u00e9n formara parte de este \u00e1lbum junto a sus \u00e9xitos globales como \u201cMi Cama\u201d, \u201cCr\u00e9eme\u201d y \u201cCulpables\u201d.<\/p>\n<p><img loading=\"lazy\" decoding=\"async\" class=\"alignnone size-full wp-image-9462\" src=\"https:\/\/www.masfm.com\/emisora\/wp-content\/uploads\/2019\/04\/noticias-karol-g-1.jpg\" alt=\"\" width=\"690\" height=\"330\" title=\"\" srcset=\"https:\/\/masfm.com\/emisora\/wp-content\/uploads\/2019\/04\/noticias-karol-g-1.jpg 690w, https:\/\/masfm.com\/emisora\/wp-content\/uploads\/2019\/04\/noticias-karol-g-1-345x165.jpg 345w, https:\/\/masfm.com\/emisora\/wp-content\/uploads\/2019\/04\/noticias-karol-g-1-600x287.jpg 600w, https:\/\/masfm.com\/emisora\/wp-content\/uploads\/2019\/04\/noticias-karol-g-1-560x268.jpg 560w\" sizes=\"auto, (max-width: 690px) 100vw, 690px\" \/><\/p>\n","protected":false},"excerpt":{"rendered":"<p>Karol G, la artista femenina latina n\u00famero 1 en el ranking mundial lanza su nuevo sencillo y video \u201cPunto G\u201d. La canci\u00f3n fue producida por Andy Clay y Rayito y co-escrita por ella. El video, lleno de dinamismo, colores y excelente fotograf\u00eda, muestra una Karol G llena de sensualidad en distintos ambientes fue producido por&hellip;<\/p>\n","protected":false},"author":4,"featured_media":9461,"comment_status":"closed","ping_status":"open","sticky":false,"template":"","format":"video","meta":{"footnotes":""},"categories":[2],"tags":[48,47,46,13,14,23],"class_list":["post-9449","post","type-post","status-publish","format-video","has-post-thumbnail","hentry","category-noticias","tag-esporaca","tag-laradioqueseve","tag-masfm959","tag-musica","tag-noticias","tag-video","post_format-post-format-video"],"amp_enabled":true,"_links":{"self":[{"href":"https:\/\/masfm.com\/emisora\/wp-json\/wp\/v2\/posts\/9449","targetHints":{"allow":["GET"]}}],"collection":[{"href":"https:\/\/masfm.com\/emisora\/wp-json\/wp\/v2\/posts"}],"about":[{"href":"https:\/\/masfm.com\/emisora\/wp-json\/wp\/v2\/types\/post"}],"author":[{"embeddable":true,"href":"https:\/\/masfm.com\/emisora\/wp-json\/wp\/v2\/users\/4"}],"replies":[{"embeddable":true,"href":"https:\/\/masfm.com\/emisora\/wp-json\/wp\/v2\/comments?post=9449"}],"version-history":[{"count":0,"href":"https:\/\/masfm.com\/emisora\/wp-json\/wp\/v2\/posts\/9449\/revisions"}],"wp:featuredmedia":[{"embeddable":true,"href":"https:\/\/masfm.com\/emisora\/wp-json\/wp\/v2\/media\/9461"}],"wp:attachment":[{"href":"https:\/\/masfm.com\/emisora\/wp-json\/wp\/v2\/media?parent=9449"}],"wp:term":[{"taxonomy":"category","embeddable":true,"href":"https:\/\/masfm.com\/emisora\/wp-json\/wp\/v2\/categories?post=9449"},{"taxonomy":"post_tag","embeddable":true,"href":"https:\/\/masfm.com\/emisora\/wp-json\/wp\/v2\/tags?post=9449"}],"curies":[{"name":"wp","href":"https:\/\/api.w.org\/{rel}","templated":true}]}}