{"id":9628,"date":"2019-04-24T19:22:46","date_gmt":"2019-04-24T22:22:46","guid":{"rendered":"https:\/\/www.masfm.com\/emisora\/?p=9628"},"modified":"2019-04-24T19:22:46","modified_gmt":"2019-04-24T22:22:46","slug":"por-favor-calma","status":"publish","type":"post","link":"https:\/\/masfm.com\/emisora\/por-favor-calma\/","title":{"rendered":"Por favor, Calma!"},"content":{"rendered":"<p>Uno de los \u00e9xitos de streaming m\u00e1s contundentes de la historia pronto brillar\u00e1 con una nueva voz, la 15 veces ganadora del GRAMMY\u00ae Alicia Keys, quien ha unido fuerzas con los astros puertorrique\u00f1os Pedro Cap\u00f3 &amp; Farruko para presentarnos una versi\u00f3n biling\u00fce de su mega-\u00e9xito mundial \u201cCalma (Remix)\u201d.<\/p>\n<p><iframe loading=\"lazy\" src=\"https:\/\/www.youtube.com\/embed\/86kKFYmAMxA\" width=\"560\" height=\"315\" frameborder=\"0\" allowfullscreen=\"allowfullscreen\"><\/iframe><\/p>\n<p>Orgullosamente fortaleciendo el legado musical de su familia (siendo el nieto del legendario int\u00e9rprete Bobby Cap\u00f3), Pedro Cap\u00f3 es un cantante y compositor ganador del Latin GRAMMY\u00ae quien se est\u00e1 convirtiendo en uno de los talentos m\u00e1s sobresalientes de Puerto Rico, isla conocida por su gran herencia art\u00edstica. Con el lanzamiento en el 2018 de Calma, Cap\u00f3 invit\u00f3 a todo el mundo a escapar del estr\u00e9s de la vida cotidiana y disfrutar de la vibra tropical de Puerto Rico.<\/p>\n<p>A poco tiempo de su estreno, la estrella de la m\u00fasica urbana Farruko se hizo fan de esta canci\u00f3n y se dio a la tarea de ponerse en contacto con Pedro acerca de realizar un remix juntos. El resultado de esta fusi\u00f3n perfecta de ritmos urbanos y una melod\u00eda relajante es un \u00e9xito internacional que ha alcanzado el puesto #1 en las listas de Billboard y Global YouTube, adem\u00e1s de obtener Disco de Diamante en Estados Unidos, M\u00e9xico y Per\u00fa. Adem\u00e1s de Platino y Oro en varios pa\u00edses de Europa y Am\u00e9rica Latina con m\u00e1s de 1.4 billones de streams hasta la fecha.<br \/>\n\u201cEl inmensamente popular video de \u2018Calma (Remix)\u2019 ha logrado una haza\u00f1a impresionante en YouTube, contando con m\u00e1s de 900 millones de reproducciones, haciendo ruido en el 2019 y permaneciendo por varias semanas en la cima de la lista Global YouTube Music Videos. Con el impulso que mantiene, \u2018Calma\u2019 f\u00e1cilmente podr\u00e1 superar el bill\u00f3n de vistas durante los pr\u00f3ximos 15 d\u00edas\u201d.<\/p>\n<p><img loading=\"lazy\" decoding=\"async\" class=\"alignnone size-full wp-image-9629\" src=\"https:\/\/www.masfm.com\/emisora\/wp-content\/uploads\/2019\/04\/noticias-alicia-keys-Pedro-Cap\u00f3-Farruko.jpg\" alt=\"\" width=\"690\" height=\"330\" title=\"\" srcset=\"https:\/\/masfm.com\/emisora\/wp-content\/uploads\/2019\/04\/noticias-alicia-keys-Pedro-Cap\u00f3-Farruko.jpg 690w, https:\/\/masfm.com\/emisora\/wp-content\/uploads\/2019\/04\/noticias-alicia-keys-Pedro-Cap\u00f3-Farruko-345x165.jpg 345w, https:\/\/masfm.com\/emisora\/wp-content\/uploads\/2019\/04\/noticias-alicia-keys-Pedro-Cap\u00f3-Farruko-600x287.jpg 600w, https:\/\/masfm.com\/emisora\/wp-content\/uploads\/2019\/04\/noticias-alicia-keys-Pedro-Cap\u00f3-Farruko-560x268.jpg 560w\" sizes=\"auto, (max-width: 690px) 100vw, 690px\" \/><\/p>\n","protected":false},"excerpt":{"rendered":"<p>Uno de los \u00e9xitos de streaming m\u00e1s contundentes de la historia pronto brillar\u00e1 con una nueva voz, la 15 veces ganadora del GRAMMY\u00ae Alicia Keys, quien ha unido fuerzas con los astros puertorrique\u00f1os Pedro Cap\u00f3 &amp; Farruko para presentarnos una versi\u00f3n biling\u00fce de su mega-\u00e9xito mundial \u201cCalma (Remix)\u201d. Orgullosamente fortaleciendo el legado musical de su&hellip;<\/p>\n","protected":false},"author":4,"featured_media":9629,"comment_status":"closed","ping_status":"open","sticky":false,"template":"","format":"video","meta":{"footnotes":""},"categories":[2],"tags":[48,47,46,13,14,23],"class_list":["post-9628","post","type-post","status-publish","format-video","has-post-thumbnail","hentry","category-noticias","tag-esporaca","tag-laradioqueseve","tag-masfm959","tag-musica","tag-noticias","tag-video","post_format-post-format-video"],"amp_enabled":true,"_links":{"self":[{"href":"https:\/\/masfm.com\/emisora\/wp-json\/wp\/v2\/posts\/9628","targetHints":{"allow":["GET"]}}],"collection":[{"href":"https:\/\/masfm.com\/emisora\/wp-json\/wp\/v2\/posts"}],"about":[{"href":"https:\/\/masfm.com\/emisora\/wp-json\/wp\/v2\/types\/post"}],"author":[{"embeddable":true,"href":"https:\/\/masfm.com\/emisora\/wp-json\/wp\/v2\/users\/4"}],"replies":[{"embeddable":true,"href":"https:\/\/masfm.com\/emisora\/wp-json\/wp\/v2\/comments?post=9628"}],"version-history":[{"count":0,"href":"https:\/\/masfm.com\/emisora\/wp-json\/wp\/v2\/posts\/9628\/revisions"}],"wp:featuredmedia":[{"embeddable":true,"href":"https:\/\/masfm.com\/emisora\/wp-json\/wp\/v2\/media\/9629"}],"wp:attachment":[{"href":"https:\/\/masfm.com\/emisora\/wp-json\/wp\/v2\/media?parent=9628"}],"wp:term":[{"taxonomy":"category","embeddable":true,"href":"https:\/\/masfm.com\/emisora\/wp-json\/wp\/v2\/categories?post=9628"},{"taxonomy":"post_tag","embeddable":true,"href":"https:\/\/masfm.com\/emisora\/wp-json\/wp\/v2\/tags?post=9628"}],"curies":[{"name":"wp","href":"https:\/\/api.w.org\/{rel}","templated":true}]}}