{"id":9642,"date":"2019-05-08T20:24:51","date_gmt":"2019-05-08T23:24:51","guid":{"rendered":"https:\/\/www.masfm.com\/emisora\/?p=9642"},"modified":"2019-05-08T20:24:51","modified_gmt":"2019-05-08T23:24:51","slug":"a-pura-salsa","status":"publish","type":"post","link":"https:\/\/masfm.com\/emisora\/a-pura-salsa\/","title":{"rendered":"A pura salsa."},"content":{"rendered":"<p>A principios de 2019, Marc Anthony le dio a sus fan\u00e1ticos lo que llevaban esperando hace seis a\u00f1os: nueva m\u00fasica\u2026 m\u00e1s salsa, y ahora el aclamado cantante y actor anuncia el estreno de su segundo corte, \u201cParecen Viernes\u201d con un candente video musical.<\/p>\n<p><iframe loading=\"lazy\" src=\"https:\/\/www.youtube.com\/embed\/AsCnKFzhFSA\" width=\"727\" height=\"409\" frameborder=\"0\" allowfullscreen=\"allowfullscreen\"><\/iframe><\/p>\n<p>El video, dirigido por Carlos P\u00e9rez para Elastic People, fue filmado en Miami y como la canci\u00f3n, presenta al personaje de Marc en un v\u00ednculo amoroso il\u00edcito, profundamente significativo y en una lucha interna constante por obtener lo inalcanzable.<\/p>\n<p>El sencillo anterior \u201cTu Vida y la M\u00eda\u201d le logr\u00f3 a Anthony su 30 #1 en la cartelera Latin Airplay de Billboard, convirti\u00e9ndose en el artista con la mayor cantidad de n\u00fameros 1 en esta codiciada lista.<\/p>\n<p><img loading=\"lazy\" decoding=\"async\" class=\"alignnone size-full wp-image-9779\" src=\"https:\/\/www.masfm.com\/emisora\/wp-content\/uploads\/2019\/05\/noticias-marc-anthony-4.jpg\" alt=\"\" width=\"690\" height=\"330\" title=\"\" srcset=\"https:\/\/masfm.com\/emisora\/wp-content\/uploads\/2019\/05\/noticias-marc-anthony-4.jpg 690w, https:\/\/masfm.com\/emisora\/wp-content\/uploads\/2019\/05\/noticias-marc-anthony-4-345x165.jpg 345w, https:\/\/masfm.com\/emisora\/wp-content\/uploads\/2019\/05\/noticias-marc-anthony-4-600x287.jpg 600w, https:\/\/masfm.com\/emisora\/wp-content\/uploads\/2019\/05\/noticias-marc-anthony-4-560x268.jpg 560w\" sizes=\"auto, (max-width: 690px) 100vw, 690px\" \/><\/p>\n","protected":false},"excerpt":{"rendered":"<p>A principios de 2019, Marc Anthony le dio a sus fan\u00e1ticos lo que llevaban esperando hace seis a\u00f1os: nueva m\u00fasica\u2026 m\u00e1s salsa, y ahora el aclamado cantante y actor anuncia el estreno de su segundo corte, \u201cParecen Viernes\u201d con un candente video musical. El video, dirigido por Carlos P\u00e9rez para Elastic People, fue filmado en&hellip;<\/p>\n","protected":false},"author":4,"featured_media":9780,"comment_status":"closed","ping_status":"open","sticky":false,"template":"","format":"video","meta":{"footnotes":""},"categories":[2],"tags":[48,47,46,13,14,23],"class_list":["post-9642","post","type-post","status-publish","format-video","has-post-thumbnail","hentry","category-noticias","tag-esporaca","tag-laradioqueseve","tag-masfm959","tag-musica","tag-noticias","tag-video","post_format-post-format-video"],"amp_enabled":true,"_links":{"self":[{"href":"https:\/\/masfm.com\/emisora\/wp-json\/wp\/v2\/posts\/9642","targetHints":{"allow":["GET"]}}],"collection":[{"href":"https:\/\/masfm.com\/emisora\/wp-json\/wp\/v2\/posts"}],"about":[{"href":"https:\/\/masfm.com\/emisora\/wp-json\/wp\/v2\/types\/post"}],"author":[{"embeddable":true,"href":"https:\/\/masfm.com\/emisora\/wp-json\/wp\/v2\/users\/4"}],"replies":[{"embeddable":true,"href":"https:\/\/masfm.com\/emisora\/wp-json\/wp\/v2\/comments?post=9642"}],"version-history":[{"count":0,"href":"https:\/\/masfm.com\/emisora\/wp-json\/wp\/v2\/posts\/9642\/revisions"}],"wp:featuredmedia":[{"embeddable":true,"href":"https:\/\/masfm.com\/emisora\/wp-json\/wp\/v2\/media\/9780"}],"wp:attachment":[{"href":"https:\/\/masfm.com\/emisora\/wp-json\/wp\/v2\/media?parent=9642"}],"wp:term":[{"taxonomy":"category","embeddable":true,"href":"https:\/\/masfm.com\/emisora\/wp-json\/wp\/v2\/categories?post=9642"},{"taxonomy":"post_tag","embeddable":true,"href":"https:\/\/masfm.com\/emisora\/wp-json\/wp\/v2\/tags?post=9642"}],"curies":[{"name":"wp","href":"https:\/\/api.w.org\/{rel}","templated":true}]}}