{"id":9806,"date":"2019-05-15T18:39:32","date_gmt":"2019-05-15T21:39:32","guid":{"rendered":"https:\/\/www.masfm.com\/emisora\/?p=9806"},"modified":"2019-05-15T18:39:32","modified_gmt":"2019-05-15T21:39:32","slug":"la-cobra","status":"publish","type":"post","link":"https:\/\/masfm.com\/emisora\/la-cobra\/","title":{"rendered":"La cobra."},"content":{"rendered":"<p>Tras el suceso de &#8220;La Tonta&#8221;, Jimena Bar\u00f3n se reinventa con un su nuevo nombre J mena y lo hace de la mano de su lanzamiento &#8220;La Cobra&#8221;.<\/p>\n<p>&#8220;La Cobra&#8221; es su nueva canci\u00f3n y video que lleva el mismo nombre que su nuevo disco, aun sin fecha de lanzamiento.<\/p>\n<p><iframe loading=\"lazy\" src=\"https:\/\/www.youtube.com\/embed\/DJ5KvvdTR-0\" width=\"1076\" height=\"605\" frameborder=\"0\" allowfullscreen=\"allowfullscreen\"><\/iframe><\/p>\n<p>&#8220;La Cobra&#8221; es pegadiza, tiene una letra que habla del empoderamiento, de resurgir.<\/p>\n<p>El video tambi\u00e9n lo acompa\u00f1a en las im\u00e1genes que muestran al mejor estilo Kill Bill a J mena saliendo de la tierra.<\/p>\n<p><img loading=\"lazy\" decoding=\"async\" class=\"alignnone size-full wp-image-9844\" src=\"https:\/\/www.masfm.com\/emisora\/wp-content\/uploads\/2019\/05\/noticias-Jimena-Baron-j-mena-1.jpg\" alt=\"\" width=\"690\" height=\"330\" title=\"\" srcset=\"https:\/\/masfm.com\/emisora\/wp-content\/uploads\/2019\/05\/noticias-Jimena-Baron-j-mena-1.jpg 690w, https:\/\/masfm.com\/emisora\/wp-content\/uploads\/2019\/05\/noticias-Jimena-Baron-j-mena-1-345x165.jpg 345w, https:\/\/masfm.com\/emisora\/wp-content\/uploads\/2019\/05\/noticias-Jimena-Baron-j-mena-1-600x287.jpg 600w, https:\/\/masfm.com\/emisora\/wp-content\/uploads\/2019\/05\/noticias-Jimena-Baron-j-mena-1-560x268.jpg 560w\" sizes=\"auto, (max-width: 690px) 100vw, 690px\" \/><\/p>\n","protected":false},"excerpt":{"rendered":"<p>Tras el suceso de &#8220;La Tonta&#8221;, Jimena Bar\u00f3n se reinventa con un su nuevo nombre J mena y lo hace de la mano de su lanzamiento &#8220;La Cobra&#8221;. &#8220;La Cobra&#8221; es su nueva canci\u00f3n y video que lleva el mismo nombre que su nuevo disco, aun sin fecha de lanzamiento. &#8220;La Cobra&#8221; es pegadiza, tiene&hellip;<\/p>\n","protected":false},"author":4,"featured_media":9843,"comment_status":"closed","ping_status":"open","sticky":false,"template":"","format":"video","meta":{"footnotes":""},"categories":[2],"tags":[48,47,46,13,14,23],"class_list":["post-9806","post","type-post","status-publish","format-video","has-post-thumbnail","hentry","category-noticias","tag-esporaca","tag-laradioqueseve","tag-masfm959","tag-musica","tag-noticias","tag-video","post_format-post-format-video"],"amp_enabled":true,"_links":{"self":[{"href":"https:\/\/masfm.com\/emisora\/wp-json\/wp\/v2\/posts\/9806","targetHints":{"allow":["GET"]}}],"collection":[{"href":"https:\/\/masfm.com\/emisora\/wp-json\/wp\/v2\/posts"}],"about":[{"href":"https:\/\/masfm.com\/emisora\/wp-json\/wp\/v2\/types\/post"}],"author":[{"embeddable":true,"href":"https:\/\/masfm.com\/emisora\/wp-json\/wp\/v2\/users\/4"}],"replies":[{"embeddable":true,"href":"https:\/\/masfm.com\/emisora\/wp-json\/wp\/v2\/comments?post=9806"}],"version-history":[{"count":0,"href":"https:\/\/masfm.com\/emisora\/wp-json\/wp\/v2\/posts\/9806\/revisions"}],"wp:featuredmedia":[{"embeddable":true,"href":"https:\/\/masfm.com\/emisora\/wp-json\/wp\/v2\/media\/9843"}],"wp:attachment":[{"href":"https:\/\/masfm.com\/emisora\/wp-json\/wp\/v2\/media?parent=9806"}],"wp:term":[{"taxonomy":"category","embeddable":true,"href":"https:\/\/masfm.com\/emisora\/wp-json\/wp\/v2\/categories?post=9806"},{"taxonomy":"post_tag","embeddable":true,"href":"https:\/\/masfm.com\/emisora\/wp-json\/wp\/v2\/tags?post=9806"}],"curies":[{"name":"wp","href":"https:\/\/api.w.org\/{rel}","templated":true}]}}