{"id":9995,"date":"2019-06-01T17:21:05","date_gmt":"2019-06-01T20:21:05","guid":{"rendered":"https:\/\/www.masfm.com\/emisora\/?p=9995"},"modified":"2019-06-04T23:28:15","modified_gmt":"2019-06-05T02:28:15","slug":"latina-pegadiza","status":"publish","type":"post","link":"https:\/\/masfm.com\/emisora\/latina-pegadiza\/","title":{"rendered":"&#8220;Latina&#8221; pegadiza!"},"content":{"rendered":"<p>Reykon, uno de los pioneros del movimiento de reggaet\u00f3n colombiano present\u00f3 su nuevo single &#8220;Latina&#8221;, acompa\u00f1ado por la s\u00faper estrella Maluma.<\/p>\n<p>Esta canci\u00f3n mezcla ritmos caribe\u00f1os con una letra juguetona que se te quedar\u00e1 pegada en la mente todo el d\u00eda.<\/p>\n<p>&#8220;Latina&#8221; escrito por estas dos estrellas del reggaet\u00f3n colombiano, muestra c\u00f3mo Reykon se ve muy atra\u00eddo y deslumbrado por una &#8220;latina&#8221; que lo conquista para una noche de placer; Maluma se une a esta historia recordando su propio encuentro con una chica que lo dej\u00f3 deseando m\u00e1s y a la que describe como la &#8220;latina m\u00e1s bella, m\u00e1s fina y m\u00e1s dura&#8221;. El video de &#8220;Latina&#8221; muestra esa complicidad que existe entre Reykon y Maluma, dos grandes amigos que unen sus voces y ritmos por primera vez.<\/p>\n<p>La historia del clip refuerza la letra de la canci\u00f3n: dos amigos reservan (cada uno por su lado) una isla privada con mujeres hermosas; para su sorpresa ambos creen ser los \u00fanicos en ese paradis\u00edaco lugar, pero resulta que se encuentran juntos ah\u00ed, frente a frente. El resultado final es que hay diversi\u00f3n por duplicado. Fue dirigido por Alex Hern\u00e1ndez y grabado en Medell\u00edn, Colombia.<\/p>\n<p><img loading=\"lazy\" decoding=\"async\" class=\"alignnone size-full wp-image-10022\" src=\"https:\/\/www.masfm.com\/emisora\/wp-content\/uploads\/2019\/06\/noticias-reykon-maluma-1.jpg\" alt=\"\" width=\"690\" height=\"330\" title=\"\" srcset=\"https:\/\/masfm.com\/emisora\/wp-content\/uploads\/2019\/06\/noticias-reykon-maluma-1.jpg 690w, https:\/\/masfm.com\/emisora\/wp-content\/uploads\/2019\/06\/noticias-reykon-maluma-1-345x165.jpg 345w, https:\/\/masfm.com\/emisora\/wp-content\/uploads\/2019\/06\/noticias-reykon-maluma-1-600x287.jpg 600w, https:\/\/masfm.com\/emisora\/wp-content\/uploads\/2019\/06\/noticias-reykon-maluma-1-560x268.jpg 560w\" sizes=\"auto, (max-width: 690px) 100vw, 690px\" \/><\/p>\n","protected":false},"excerpt":{"rendered":"<p>Reykon, uno de los pioneros del movimiento de reggaet\u00f3n colombiano present\u00f3 su nuevo single &#8220;Latina&#8221;, acompa\u00f1ado por la s\u00faper estrella Maluma. Esta canci\u00f3n mezcla ritmos caribe\u00f1os con una letra juguetona que se te quedar\u00e1 pegada en la mente todo el d\u00eda. &#8220;Latina&#8221; escrito por estas dos estrellas del reggaet\u00f3n colombiano, muestra c\u00f3mo Reykon se ve&hellip;<\/p>\n","protected":false},"author":4,"featured_media":10021,"comment_status":"closed","ping_status":"open","sticky":false,"template":"","format":"video","meta":{"footnotes":""},"categories":[2],"tags":[48,47,46,13,14,23],"class_list":["post-9995","post","type-post","status-publish","format-video","has-post-thumbnail","hentry","category-noticias","tag-esporaca","tag-laradioqueseve","tag-masfm959","tag-musica","tag-noticias","tag-video","post_format-post-format-video"],"amp_enabled":true,"_links":{"self":[{"href":"https:\/\/masfm.com\/emisora\/wp-json\/wp\/v2\/posts\/9995","targetHints":{"allow":["GET"]}}],"collection":[{"href":"https:\/\/masfm.com\/emisora\/wp-json\/wp\/v2\/posts"}],"about":[{"href":"https:\/\/masfm.com\/emisora\/wp-json\/wp\/v2\/types\/post"}],"author":[{"embeddable":true,"href":"https:\/\/masfm.com\/emisora\/wp-json\/wp\/v2\/users\/4"}],"replies":[{"embeddable":true,"href":"https:\/\/masfm.com\/emisora\/wp-json\/wp\/v2\/comments?post=9995"}],"version-history":[{"count":0,"href":"https:\/\/masfm.com\/emisora\/wp-json\/wp\/v2\/posts\/9995\/revisions"}],"wp:featuredmedia":[{"embeddable":true,"href":"https:\/\/masfm.com\/emisora\/wp-json\/wp\/v2\/media\/10021"}],"wp:attachment":[{"href":"https:\/\/masfm.com\/emisora\/wp-json\/wp\/v2\/media?parent=9995"}],"wp:term":[{"taxonomy":"category","embeddable":true,"href":"https:\/\/masfm.com\/emisora\/wp-json\/wp\/v2\/categories?post=9995"},{"taxonomy":"post_tag","embeddable":true,"href":"https:\/\/masfm.com\/emisora\/wp-json\/wp\/v2\/tags?post=9995"}],"curies":[{"name":"wp","href":"https:\/\/api.w.org\/{rel}","templated":true}]}}